{"id":1183,"date":"2016-11-14T16:17:55","date_gmt":"2016-11-14T16:17:55","guid":{"rendered":"http:\/\/fasic.cl\/wp\/?p=1183"},"modified":"2016-11-14T16:17:55","modified_gmt":"2016-11-14T16:17:55","slug":"estudiantes-realizan-investigacion-en-el-archivo-y-centro-de-documentacion","status":"publish","type":"post","link":"http:\/\/fasic.cl\/wp\/2016\/11\/estudiantes-realizan-investigacion-en-el-archivo-y-centro-de-documentacion\/","title":{"rendered":"Estudiantes realizan investigaci\u00f3n en el Archivo y Centro de Documentaci\u00f3n"},"content":{"rendered":"Estudiantes de segundo a\u00f1o de la Universidad Academia de Humanismo Cristiano, de la c\u00e1tedra Taller de Cr\u00edtica Cultural, Etnicidad y G\u00e9nero a cargo de la profesora Ana L\u00f3pez, visitaron el Archivo y Centro de Documentaci\u00f3n FASIC (Fundaci\u00f3n de Ayuda Social de Iglesias Cristianas) para realizar su trabajo de investigaci\u00f3n final.\r\n\r\nLas y los estudiantes est\u00e1n realizando una investigaci\u00f3n relacionada con los Derechos Humanos y el patrimonio cultural, revisando las distintas series documentales de la instituci\u00f3n, entre ellas: \u00a0Prensa Alternativa, Programa M\u00e9dico Psiqui\u00e1trico, Testimonios, Tarjetas de Saludo.\r\n\r\nLas y los estudiantes han manifestado un gran inter\u00e9s por esta documentaci\u00f3n, que es un fiel reflejo de la historia reciente del pa\u00eds, documentos que retratan la vida de hombres y mujeres que se vieron afectados por la Dictadura C\u00edvico Militar, pero que tambi\u00e9n retratan la resistencia y organizaci\u00f3n de los sectores populares, estudiantes y trabajadores contra la dictadura.\r\n\r\nEl Archivo y Centro de Documentaci\u00f3n FASIC, est\u00e1 ubicado en Manuel Rodr\u00edguez 33. Funciona de lunes a jueves de 9 a 14 horas. Sus puertas se encuentran abiertas a investigadores, estudiantes y p\u00fablico en general.","protected":false},"excerpt":{"rendered":"<p>Estudiantes de segundo a\u00f1o de la Universidad Academia de Humanismo Cristiano, de la c\u00e1tedra Taller de Cr\u00edtica Cultural, Etnicidad y G\u00e9nero a cargo de la profesora Ana L\u00f3pez, visitaron el Archivo y Centro de Documentaci\u00f3n FASIC (Fundaci\u00f3n de Ayuda Social de Iglesias Cristianas) para realizar su trabajo de investigaci\u00f3n final. Las y los estudiantes est\u00e1n [&hellip;]<\/p>\n","protected":false},"author":1,"featured_media":1184,"comment_status":"open","ping_status":"open","sticky":false,"template":"","format":"standard","meta":[],"categories":[1],"tags":[],"aioseo_notices":[],"_links":{"self":[{"href":"http:\/\/fasic.cl\/wp\/wp-json\/wp\/v2\/posts\/1183"}],"collection":[{"href":"http:\/\/fasic.cl\/wp\/wp-json\/wp\/v2\/posts"}],"about":[{"href":"http:\/\/fasic.cl\/wp\/wp-json\/wp\/v2\/types\/post"}],"author":[{"embeddable":true,"href":"http:\/\/fasic.cl\/wp\/wp-json\/wp\/v2\/users\/1"}],"replies":[{"embeddable":true,"href":"http:\/\/fasic.cl\/wp\/wp-json\/wp\/v2\/comments?post=1183"}],"version-history":[{"count":1,"href":"http:\/\/fasic.cl\/wp\/wp-json\/wp\/v2\/posts\/1183\/revisions"}],"predecessor-version":[{"id":1185,"href":"http:\/\/fasic.cl\/wp\/wp-json\/wp\/v2\/posts\/1183\/revisions\/1185"}],"wp:featuredmedia":[{"embeddable":true,"href":"http:\/\/fasic.cl\/wp\/wp-json\/wp\/v2\/media\/1184"}],"wp:attachment":[{"href":"http:\/\/fasic.cl\/wp\/wp-json\/wp\/v2\/media?parent=1183"}],"wp:term":[{"taxonomy":"category","embeddable":true,"href":"http:\/\/fasic.cl\/wp\/wp-json\/wp\/v2\/categories?post=1183"},{"taxonomy":"post_tag","embeddable":true,"href":"http:\/\/fasic.cl\/wp\/wp-json\/wp\/v2\/tags?post=1183"}],"curies":[{"name":"wp","href":"https:\/\/api.w.org\/{rel}","templated":true}]}}