{"id":1802,"date":"2018-09-21T15:20:05","date_gmt":"2018-09-21T15:20:05","guid":{"rendered":"http:\/\/fasic.cl\/wp\/?p=1802"},"modified":"2018-09-21T15:20:05","modified_gmt":"2018-09-21T15:20:05","slug":"estudiantes-de-intercambio-de-la-universidad-alberto-hurtado-visitan-el-centro-de-documentacion-y-archivo-fasic-en-el-mes-de-la-memoria","status":"publish","type":"post","link":"http:\/\/fasic.cl\/wp\/2018\/09\/estudiantes-de-intercambio-de-la-universidad-alberto-hurtado-visitan-el-centro-de-documentacion-y-archivo-fasic-en-el-mes-de-la-memoria\/","title":{"rendered":"Estudiantes de intercambio de la Universidad Alberto Hurtado visitan el Centro de Documentaci\u00f3n y Archivo FASIC en el mes de la memoria."},"content":{"rendered":"Estudiantes de intercambio de la Universidad Alberto Hurtado visitan el Centro de Documentaci\u00f3n y Archivo FASIC\u00a0en el mes de la memoria.\r\n\r\nEste jueves 13 de septiembre en el contexto del mes de la memoria, un grupo de estudiantes de intercambio de la Universidad Alberto Hurtado a cargo de la profesora Loreto L\u00f3pez del programa \u201cMemoria y Derechos Humanos en Chile\u201d, realizaron una visita dialogada en el Centro de Documentaci\u00f3n y Archivo FASIC.\r\n\r\nLa visita consisti\u00f3 en conocer el importante trabajo que FASIC cumpli\u00f3 durante la dictadura c\u00edvico militar chilena. Se dialog\u00f3 y reflexion\u00f3 sobre la importancia de la memoria y la defensa de los derechos humanos de parte de las organizaciones como FASIC, y c\u00f3mo la sociedad chilena enfrent\u00f3 las violaciones a los derechos humanos durante la dictadura.\r\n\r\nLa visita dialogada estuvo a cargo de Mar\u00eda Graciela Acu\u00f1a, encargada del Centro de Documentaci\u00f3n y Archivo de la instituci\u00f3n.\r\n\r\nA trav\u00e9s del recorrido del Archivo los estudiantes se cuestionaron la importancia y la relevancia que tiene el trabajo de las memorias como una contraparte del olvido, y valoraron la documentaci\u00f3n con la que trabajaron ya que los archivos representan m\u00faltiples memorias, que a las une la violaci\u00f3n a los derechos humanos.\r\n\r\n\n\t\t<style type=\"text\/css\">\n\t\t\t#gallery-1 {\n\t\t\t\tmargin: auto;\n\t\t\t}\n\t\t\t#gallery-1 .gallery-item {\n\t\t\t\tfloat: left;\n\t\t\t\tmargin-top: 10px;\n\t\t\t\ttext-align: center;\n\t\t\t\twidth: 50%;\n\t\t\t}\n\t\t\t#gallery-1 img {\n\t\t\t\tborder: 2px solid #cfcfcf;\n\t\t\t}\n\t\t\t#gallery-1 .gallery-caption {\n\t\t\t\tmargin-left: 0;\n\t\t\t}\n\t\t\t\/* see gallery_shortcode() in wp-includes\/media.php *\/\n\t\t<\/style>\n\t\t<div id='gallery-1' class='gallery galleryid-1802 gallery-columns-2 gallery-size-full'><dl class='gallery-item'>\n\t\t\t<dt class='gallery-icon portrait'>\n\t\t\t\t<a href='http:\/\/fasic.cl\/wp\/2018\/09\/estudiantes-de-intercambio-de-la-universidad-alberto-hurtado-visitan-el-centro-de-documentacion-y-archivo-fasic-en-el-mes-de-la-memoria\/foto10\/'><img width=\"780\" height=\"1040\" src=\"http:\/\/fasic.cl\/wp\/wp-content\/uploads\/2018\/09\/foto10.jpeg\" class=\"attachment-full size-full\" alt=\"\" decoding=\"async\" loading=\"lazy\" srcset=\"http:\/\/fasic.cl\/wp\/wp-content\/uploads\/2018\/09\/foto10.jpeg 780w, http:\/\/fasic.cl\/wp\/wp-content\/uploads\/2018\/09\/foto10-225x300.jpeg 225w, http:\/\/fasic.cl\/wp\/wp-content\/uploads\/2018\/09\/foto10-768x1024.jpeg 768w\" sizes=\"(max-width: 780px) 100vw, 780px\" \/><\/a>\n\t\t\t<\/dt><\/dl><dl class='gallery-item'>\n\t\t\t<dt class='gallery-icon landscape'>\n\t\t\t\t<a href='http:\/\/fasic.cl\/wp\/2018\/09\/estudiantes-de-intercambio-de-la-universidad-alberto-hurtado-visitan-el-centro-de-documentacion-y-archivo-fasic-en-el-mes-de-la-memoria\/foto9\/'><img width=\"1040\" height=\"780\" src=\"http:\/\/fasic.cl\/wp\/wp-content\/uploads\/2018\/09\/foto9.jpeg\" class=\"attachment-full size-full\" alt=\"\" decoding=\"async\" loading=\"lazy\" srcset=\"http:\/\/fasic.cl\/wp\/wp-content\/uploads\/2018\/09\/foto9.jpeg 1040w, http:\/\/fasic.cl\/wp\/wp-content\/uploads\/2018\/09\/foto9-300x225.jpeg 300w, http:\/\/fasic.cl\/wp\/wp-content\/uploads\/2018\/09\/foto9-768x576.jpeg 768w, http:\/\/fasic.cl\/wp\/wp-content\/uploads\/2018\/09\/foto9-1024x768.jpeg 1024w\" sizes=\"(max-width: 1040px) 100vw, 1040px\" \/><\/a>\n\t\t\t<\/dt><\/dl><br style=\"clear: both\" \/>\n\t\t<\/div>\n\r\n\r\n&nbsp;","protected":false},"excerpt":{"rendered":"<p>Estudiantes de intercambio de la Universidad Alberto Hurtado visitan el Centro de Documentaci\u00f3n y Archivo FASIC\u00a0en el mes de la memoria. Este jueves 13 de septiembre en el contexto del mes de la memoria, un grupo de estudiantes de intercambio de la Universidad Alberto Hurtado a cargo de la profesora Loreto L\u00f3pez del programa \u201cMemoria [&hellip;]<\/p>\n","protected":false},"author":1,"featured_media":1803,"comment_status":"open","ping_status":"open","sticky":false,"template":"","format":"standard","meta":[],"categories":[1],"tags":[],"aioseo_notices":[],"_links":{"self":[{"href":"http:\/\/fasic.cl\/wp\/wp-json\/wp\/v2\/posts\/1802"}],"collection":[{"href":"http:\/\/fasic.cl\/wp\/wp-json\/wp\/v2\/posts"}],"about":[{"href":"http:\/\/fasic.cl\/wp\/wp-json\/wp\/v2\/types\/post"}],"author":[{"embeddable":true,"href":"http:\/\/fasic.cl\/wp\/wp-json\/wp\/v2\/users\/1"}],"replies":[{"embeddable":true,"href":"http:\/\/fasic.cl\/wp\/wp-json\/wp\/v2\/comments?post=1802"}],"version-history":[{"count":1,"href":"http:\/\/fasic.cl\/wp\/wp-json\/wp\/v2\/posts\/1802\/revisions"}],"predecessor-version":[{"id":1809,"href":"http:\/\/fasic.cl\/wp\/wp-json\/wp\/v2\/posts\/1802\/revisions\/1809"}],"wp:featuredmedia":[{"embeddable":true,"href":"http:\/\/fasic.cl\/wp\/wp-json\/wp\/v2\/media\/1803"}],"wp:attachment":[{"href":"http:\/\/fasic.cl\/wp\/wp-json\/wp\/v2\/media?parent=1802"}],"wp:term":[{"taxonomy":"category","embeddable":true,"href":"http:\/\/fasic.cl\/wp\/wp-json\/wp\/v2\/categories?post=1802"},{"taxonomy":"post_tag","embeddable":true,"href":"http:\/\/fasic.cl\/wp\/wp-json\/wp\/v2\/tags?post=1802"}],"curies":[{"name":"wp","href":"https:\/\/api.w.org\/{rel}","templated":true}]}}