{"id":1830,"date":"2018-10-10T17:31:31","date_gmt":"2018-10-10T17:31:31","guid":{"rendered":"http:\/\/fasic.cl\/wp\/?p=1830"},"modified":"2018-10-10T17:31:31","modified_gmt":"2018-10-10T17:31:31","slug":"reslac-saluda-anulacion-de-indulto-a-alberto-fujimori","status":"publish","type":"post","link":"http:\/\/fasic.cl\/wp\/2018\/10\/reslac-saluda-anulacion-de-indulto-a-alberto-fujimori\/","title":{"rendered":"RESLAC saluda anulaci\u00f3n de indulto a Alberto Fujimori"},"content":{"rendered":"La Red de Sitios de Memoria Latinoamericanos y Caribe\u00f1os (RESLAC), integrada por 39 miembros que representan a 66 lugares de memoria en 12 pa\u00edses de Am\u00e9rica Latina y el Caribe, se manifest\u00f3 p\u00fablicamente en diciembre de 2017, expresando su indignaci\u00f3n y profundo rechazo al indulto otorgado al ex presidente Alberto Fujimori, en el Per\u00fa.\r\n\r\nSe\u00f1alamos en esa ocasi\u00f3n que era una decisi\u00f3n contraria al derecho internacional y especialmente lesiva a los derechos a la verdad, a la justicia y a la memoria de millones de ciudadanos y ciudadanas en el Per\u00fa.\r\n\r\nDesde la ciudad de San Carlos, en Antioqu\u00eda, Colombia, donde nos hemos reunido del 2 al 5 de octubre de 2018 en el Encuentro Internacional Latinoam\u00e9rica por la Verdad, hemos tomado conocimiento de la decisi\u00f3n de la Corte Suprema de Per\u00fa de anular el indulto humanitario dado al ex presidente, medida que saludamos como una rectificaci\u00f3n saludable que preserva lo que en Latinoam\u00e9rica, el Caribe y todo el mundo es considerado como un precedente significativo en la lucha contra la impunidad. Nos referimos a la justa condena recibida por Alberto Fujimori Fujimori por cr\u00edmenes de lesa humanidad.\r\n\r\nNing\u00fan Estado puede desatender sus compromisos internacionales en materia de derechos humanos, m\u00e1s a\u00fan cuando se hace en el marco de una negociaci\u00f3n reprobable que incluso provoc\u00f3 la renuncia del ex presidente Pedro Pablo Kuczynski, quien pretendi\u00f3 subordinar la dignidad de las v\u00edctimas a su permanencia en el poder.\r\n\r\n<strong>Como afirmamos en diciembre pasado, la gobernabilidad democr\u00e1tica no se logra violentando derechos, y la reconciliaci\u00f3n es una farsa cuando se sustenta en la impunidad.<\/strong> Hoy nos place expresar nuestro reconocimiento al Poder Judicial del Per\u00fa, por anular el malhadado indulto, y especialmente nuestra admiraci\u00f3n a las v\u00edctimas por su lucha por justicia y dignidad, reiter\u00e1ndoles nuestra m\u00e1s plena solidaridad.\r\n\r\n&nbsp;\r\n\r\nSan Carlos de Antioqu\u00eda, Colombia, 5 de octubre de 2018\r\n\r\n&nbsp;\r\n\r\nMuseo de la Memoria de Rosario \u2013 Argentina\r\n\r\nParque de la Memoria \u2013 Argentina\r\n\r\nMemoria Abierta \u2013 Argentina\r\n\r\nCasa do Povo \u2013 Brasil\r\n\r\nMuseo de la Inmigraci\u00f3n\u2013 Brasil\r\n\r\nMemorial de la Resistencia \u2013 Pinacoteca del Estado de San Pablo \u2013 Brasil\r\n\r\nN\u00facleo de Preservaci\u00f3n de la Memoria Pol\u00edtica \u2013 Brasil\r\n\r\nMemorial Paine: Un lugar para la memoria \u2013 Chile\r\n\r\nMuseo de la Memoria y los Derechos Humanos \u2013 Chile\r\n\r\nEstadio Nacional \u2013 Chile\r\n\r\nComit\u00e9 de Derechos Humanos Nido Veinte \u2013 Chile\r\n\r\nCasa Memoria Jos\u00e9 Domingo Ca\u00f1as \u2013 Fundaci\u00f3n 1367 \u2013 Chile\r\n\r\nCorporaci\u00f3n Parque por la Paz Villa Grimaldi \u2013 Chile\r\n\r\nAsociaci\u00f3n por la Memoria y los Derechos Humanos Colonia Dignidad \u2013 Chile\r\n\r\nFundaci\u00f3n de Ayuda Social de las Iglesias Cristianas -F.A.S.I.C- Chile\r\n\r\nCentro de Memoria, Paz y Reconciliaci\u00f3n \u2013 Colombia\r\n\r\nCentro Nacional de Memoria Hist\u00f3rica \u2013 Colombia\r\n\r\nMuseo Casa Memoria de Medell\u00edn \u2013 Colombia\r\n\r\nRed Colombiana de Lugares de Memoria (24 de origen en las comunidades y 3 estatales)\r\n\r\nMuseo de la Palabra y la Imagen \u2013 El Salvador\r\n\r\nInstituto Internacional de Aprendizaje para la Reconciliaci\u00f3n Social -IIARS- Guatemala\r\n\r\nMemorial para la Concordia \u2013 Guatemala\r\n\r\nCentro para la Acci\u00f3n Legal en Derechos Humanos -CALDH- Guatemala\r\n\r\nD\u00e9voir de Memoire - Hait\u00ed\r\n\r\nCentro de Derechos Humanos Fray Bartolom\u00e9 de las Casas \u2013 M\u00e9xico\r\n\r\nSociedad Civil Las Abejas \u2013 M\u00e9xico\r\n\r\nCentro de Investigaciones Hist\u00f3ricas de los Movimientos Sociales \u2013 M\u00e9xico\r\n\r\nMuseo de las Memorias: Dictaduras y Derechos Humanos \u2013 Paraguay\r\n\r\nDirecci\u00f3n de Verdad, Justicia y Reparaci\u00f3n \u2013 Defensor\u00eda del Pueblo \u2013 Paraguay\r\n\r\nAsociaci\u00f3n Paz y Esperanza \u2013 Per\u00fa\r\n\r\nMovimiento Ciudadano Para Que No Se Repita \u2013 Per\u00fa\r\n\r\nAsociaci\u00f3n Caminos de la Memoria \u2013 Per\u00fa\r\n\r\nMemorial de la Resistencia Dominicana \u2013 R. Dominicana\r\n\r\nCentro Cultural Museo de la Memoria \u2013 MUME \u2013 Uruguay\r\n\r\nFundaci\u00f3n Zelmar Michelini \u2013 Uruguay\r\n\r\nProyecto de Memoria Hist\u00f3rica (HMP) \u2013 Sede EEUU\r\n\r\n&nbsp;\r\n\r\n&nbsp;\r\n\r\n<strong>* Miembros de la Red Colombiana de Lugares de Memoria - RCLM<\/strong>\r\n\r\n<strong>\u00a0<\/strong>\r\n\r\nMuseo Itinerante de la Memoria y la Identidad de los Montes de Mar\u00eda - Bol\u00edvar\r\n\r\nQuiosco de la Memoria de Las Brisas - San Juan de Nepomuseno, Bol\u00edvar\r\n\r\nCasa de Memoria de El Salado - Carmen de Bol\u00edvar\r\n\r\nMuseo Comunitario de San Jacinto - Bol\u00edvar\r\n\r\nCentro Integral de Formaci\u00f3n y Fortalecimiento Espiritual y Cultural Wiwa (CIFFEC) -\r\n\r\nCentro de Memoria del Conflicto de Valledupar\r\n\r\nCapilla de la Memoria de Fundescodes - Buenaventura\r\n\r\nCasa de las Mujeres de Triana - Buenaventura\r\n\r\nCasa de la Memoria de la Costa Nari\u00f1ense - Tumaco\r\n\r\nParque Monumento de Trujillo, AFAVIT\r\n\r\nGaler\u00eda de la Memoria Tiberio Fern\u00e1ndez Mafla - Cali\r\n\r\nFundaci\u00f3n Guagua - Cali\r\n\r\nMemorias del Atrato - Bellavista, Bojay\u00e1\r\n\r\nLa Piedra de San Lorenzo - Nari\u00f1o\r\n\r\nMovice Capitulo Valle\r\n\r\nCentro de Acercamiento para la Reconciliaci\u00f3n (CARE) - San Carlos, Antioquia\r\n\r\nSal\u00f3n del N\u00fanca M\u00e1s - Granada, Antioquia\r\n\r\nCentro Comunitario Remanso de Paz - Pueblo Bello, Antioquia\r\n\r\nRutas de Peregrinaje de la Memoria - El Castillo, Meta\r\n\r\nProceso de Construcci\u00f3n Social del Lugar de Memoria del Departamento del Meta\r\n\r\nMuseo de Caquet\u00e1\r\n\r\nBosque de la Memoria de MUVIDAVI, Cartagena del Chair\u00e1 - Caquet\u00e1\r\n\r\nMuseo de la Memoria Hist\u00f3rica Tras la Huellas del Placer - Putumayo\r\n\r\nColectivo Fals Borda\r\n\r\nCasa de la Memoria Viva de los Hijos del Tabaco, Coca y Yuca Dulce - La Chorrera, Amazonas\r\n\r\nCasa Museo de la Memoria de Medell\u00edn\r\n\r\nCentro de Memoria, Paz y Reconciliaci\u00f3n - Bogot\u00e1\r\n\r\n&nbsp;","protected":false},"excerpt":{"rendered":"<p>La Red de Sitios de Memoria Latinoamericanos y Caribe\u00f1os (RESLAC), integrada por 39 miembros que representan a 66 lugares de memoria en 12 pa\u00edses de Am\u00e9rica Latina y el Caribe, se manifest\u00f3 p\u00fablicamente en diciembre de 2017, expresando su indignaci\u00f3n y profundo rechazo al indulto otorgado al ex presidente Alberto Fujimori, en el Per\u00fa. Se\u00f1alamos [&hellip;]<\/p>\n","protected":false},"author":1,"featured_media":1831,"comment_status":"open","ping_status":"open","sticky":false,"template":"","format":"standard","meta":[],"categories":[1],"tags":[],"aioseo_notices":[],"_links":{"self":[{"href":"http:\/\/fasic.cl\/wp\/wp-json\/wp\/v2\/posts\/1830"}],"collection":[{"href":"http:\/\/fasic.cl\/wp\/wp-json\/wp\/v2\/posts"}],"about":[{"href":"http:\/\/fasic.cl\/wp\/wp-json\/wp\/v2\/types\/post"}],"author":[{"embeddable":true,"href":"http:\/\/fasic.cl\/wp\/wp-json\/wp\/v2\/users\/1"}],"replies":[{"embeddable":true,"href":"http:\/\/fasic.cl\/wp\/wp-json\/wp\/v2\/comments?post=1830"}],"version-history":[{"count":1,"href":"http:\/\/fasic.cl\/wp\/wp-json\/wp\/v2\/posts\/1830\/revisions"}],"predecessor-version":[{"id":1832,"href":"http:\/\/fasic.cl\/wp\/wp-json\/wp\/v2\/posts\/1830\/revisions\/1832"}],"wp:featuredmedia":[{"embeddable":true,"href":"http:\/\/fasic.cl\/wp\/wp-json\/wp\/v2\/media\/1831"}],"wp:attachment":[{"href":"http:\/\/fasic.cl\/wp\/wp-json\/wp\/v2\/media?parent=1830"}],"wp:term":[{"taxonomy":"category","embeddable":true,"href":"http:\/\/fasic.cl\/wp\/wp-json\/wp\/v2\/categories?post=1830"},{"taxonomy":"post_tag","embeddable":true,"href":"http:\/\/fasic.cl\/wp\/wp-json\/wp\/v2\/tags?post=1830"}],"curies":[{"name":"wp","href":"https:\/\/api.w.org\/{rel}","templated":true}]}}