{"id":1859,"date":"2018-10-23T19:11:34","date_gmt":"2018-10-23T19:11:34","guid":{"rendered":"http:\/\/fasic.cl\/wp\/?p=1859"},"modified":"2018-10-23T19:12:29","modified_gmt":"2018-10-23T19:12:29","slug":"nuevos-vinculos-y-oportunidades-de-colaboracion-se-gestaron-en-encuentro-sobre-participacion-evangelica-en-la-sociedad","status":"publish","type":"post","link":"http:\/\/fasic.cl\/wp\/2018\/10\/nuevos-vinculos-y-oportunidades-de-colaboracion-se-gestaron-en-encuentro-sobre-participacion-evangelica-en-la-sociedad\/","title":{"rendered":"Nuevos v\u00ednculos y oportunidades de colaboraci\u00f3n se gestaron en Encuentro sobre participaci\u00f3n evang\u00e9lica en la sociedad."},"content":{"rendered":"El s\u00e1bado 20 de octubre la Fundaci\u00f3n de Ayuda Social de las Iglesias Cristianas, a trav\u00e9s de su Secretario Ejecutivo Claudio Gonz\u00e1lez y Elizabeth San Mart\u00edn Trabajadora Social coordinadora del \u00c1rea de refugio\/migraci\u00f3n, participaron en el\u00a0<em><strong>ENCUENTRO PARTICIPACI\u00d3N EVANG\u00c9LICA EN LA SOCIEDAD CHILENA: AYER, HOY Y MA\u00d1ANA <\/strong>en conjunto\u00a0c<\/em>on de 45 personas provenientes de 13 iniciativas que promueven la participaci\u00f3n evang\u00e9lica en la sociedad (desde organizaciones formales a iniciativas voluntarias informales), y con un notable equilibrio de g\u00e9nero.\r\n\r\nOrganizada colaborativamente entre la Comunidad Teol\u00f3gica Evang\u00e9lica de Chile (CTE), la Fundaci\u00f3n de Ayuda Social de las Iglesias (FASIC), la Fundaci\u00f3n Helmut Frenz y el Servicio Evang\u00e9lico para el Desarrollo (SEPADE), con el respaldo de autoridades de la Iglesia Misi\u00f3n Apost\u00f3lica, la Misi\u00f3n Evang\u00e9lica Wesleyana, la Iglesia Evang\u00e9lica Luterana en Chile y la Iglesia Evang\u00e9lica Presbiteriana, la actividad se realiz\u00f3 en el Centro de Formaci\u00f3n Ciudadana de SEPADE en el Antiguo Hospital San Jos\u00e9, Comuna de Independencia.\r\n\r\nEl devocional de apertura y una introducci\u00f3n panor\u00e1mica sobre la historia de la presencia evang\u00e9lica en la sociedad chilena, a cargo del Dr. Juan Sep\u00falveda, fueron seguidos por el di\u00e1logo en mesas tem\u00e1ticas en torno a la acogida a la poblaci\u00f3n migrante; el trabajo con ni\u00f1as y ni\u00f1os; medio ambiente y cambio clim\u00e1tico; equidad de g\u00e9nero; ciudadan\u00eda y participaci\u00f3n pol\u00edtica.\r\n\r\nEn el di\u00e1logo, tanto en las mesas tem\u00e1ticas como en la sesi\u00f3n plenaria, se manifest\u00f3 un alto nivel de consenso acerca de la necesidad de promover la articulaci\u00f3n entre las iniciativas participantes, m\u00e1s otras que se puedan sumar en el futuro, con el prop\u00f3sito de intercambiar experiencias, metodolog\u00edas y materiales que permitan fortalecer el trabajo de cada una, dar mayor visibilidad a la diversidad del aporte evang\u00e9lico en la sociedad chilena, y ampliar las posibilidades de incidencia p\u00fablica.\r\n\r\nLos y las participantes valoraron enormemente la metodolog\u00eda del encuentro, que apunt\u00f3 m\u00e1s que a una discusi\u00f3n te\u00f3rica de los temas, a compartir las motivaciones, experiencias y sue\u00f1os. Ello contribuy\u00f3 a crear un acogedor clima de confianza entre participantes que no necesariamente se conoc\u00edan, y a identificar muchas oportunidades de colaboraci\u00f3n. La sensaci\u00f3n general fue que los v\u00ednculos que se establecieron necesitan seguir siendo cultivados, tanto mediante medios virtuales como futuros encuentros presenciales.\r\n\r\nFuente:\u00a0http:\/\/www.sepade.cl\/web\/santiago-nuevos-vinculos-y-oportunidades-de-colaboracion-se-gestaron-en-encuentro-sobre-participacion-evangelica-en-la-sociedad\/","protected":false},"excerpt":{"rendered":"<p>El s\u00e1bado 20 de octubre la Fundaci\u00f3n de Ayuda Social de las Iglesias Cristianas, a trav\u00e9s de su Secretario Ejecutivo Claudio Gonz\u00e1lez y Elizabeth San Mart\u00edn Trabajadora Social coordinadora del \u00c1rea de refugio\/migraci\u00f3n, participaron en el\u00a0ENCUENTRO PARTICIPACI\u00d3N EVANG\u00c9LICA EN LA SOCIEDAD CHILENA: AYER, HOY Y MA\u00d1ANA en conjunto\u00a0con de 45 personas provenientes de 13 iniciativas [&hellip;]<\/p>\n","protected":false},"author":1,"featured_media":1860,"comment_status":"open","ping_status":"open","sticky":false,"template":"","format":"standard","meta":[],"categories":[1],"tags":[],"aioseo_notices":[],"_links":{"self":[{"href":"http:\/\/fasic.cl\/wp\/wp-json\/wp\/v2\/posts\/1859"}],"collection":[{"href":"http:\/\/fasic.cl\/wp\/wp-json\/wp\/v2\/posts"}],"about":[{"href":"http:\/\/fasic.cl\/wp\/wp-json\/wp\/v2\/types\/post"}],"author":[{"embeddable":true,"href":"http:\/\/fasic.cl\/wp\/wp-json\/wp\/v2\/users\/1"}],"replies":[{"embeddable":true,"href":"http:\/\/fasic.cl\/wp\/wp-json\/wp\/v2\/comments?post=1859"}],"version-history":[{"count":1,"href":"http:\/\/fasic.cl\/wp\/wp-json\/wp\/v2\/posts\/1859\/revisions"}],"predecessor-version":[{"id":1861,"href":"http:\/\/fasic.cl\/wp\/wp-json\/wp\/v2\/posts\/1859\/revisions\/1861"}],"wp:featuredmedia":[{"embeddable":true,"href":"http:\/\/fasic.cl\/wp\/wp-json\/wp\/v2\/media\/1860"}],"wp:attachment":[{"href":"http:\/\/fasic.cl\/wp\/wp-json\/wp\/v2\/media?parent=1859"}],"wp:term":[{"taxonomy":"category","embeddable":true,"href":"http:\/\/fasic.cl\/wp\/wp-json\/wp\/v2\/categories?post=1859"},{"taxonomy":"post_tag","embeddable":true,"href":"http:\/\/fasic.cl\/wp\/wp-json\/wp\/v2\/tags?post=1859"}],"curies":[{"name":"wp","href":"https:\/\/api.w.org\/{rel}","templated":true}]}}