{"id":3515,"date":"2021-06-20T03:44:34","date_gmt":"2021-06-20T03:44:34","guid":{"rendered":"http:\/\/fasic.cl\/wp\/?p=3515"},"modified":"2021-06-20T03:45:16","modified_gmt":"2021-06-20T03:45:16","slug":"musicos-refugiados-y-migrantes-en-chile-lanzan-cancion-para-contar-su-historia-de-integracion-en-chile","status":"publish","type":"post","link":"http:\/\/fasic.cl\/wp\/2021\/06\/musicos-refugiados-y-migrantes-en-chile-lanzan-cancion-para-contar-su-historia-de-integracion-en-chile\/","title":{"rendered":"M\u00fasicos refugiados y migrantes en Chile lanzan canci\u00f3n para contar su historia de integraci\u00f3n en Chile"},"content":{"rendered":"<strong>La pieza ser\u00e1 lanzada en el marco de las conmemoraciones del D\u00eda Mundial de las Personas Refugiadas (20 de junio) por la Agencia de la ONU para los Refugiados (ACNUR) y la Fundaci\u00f3n M\u00fasica para la Integraci\u00f3n.<\/strong>\r\n<br>\r\n&nbsp;\r\n<br>\r\n<div>Tener que empezar desde cero en un nuevo pa\u00eds no es f\u00e1cil para nadie. Tampoco lo ha sido para centenares de m\u00fasicos profesionales, de diversas nacionalidades, que han llegado a vivir a Chile buscando, en la mayor\u00eda de los casos, estabilidad y protecci\u00f3n. A muchos de ellos no les ha quedado m\u00e1s remedio que postergar sus carreras art\u00edsticas y tomar cualquier otro trabajo que les permita salir adelante en Chile, dejando de lado su gran pasi\u00f3n con tal de sobrevivir.\r\n<br>\r\n&nbsp;\r\n<br>\r\n<div>En el marco del D\u00eda Mundial del Refugiado \u2014que busca destacar la resiliencia y valent\u00eda de casi 80 millones de personas en el mundo que han debido desplazarse a causa de la guerra, el conflicto generalizado, las violaciones a los derechos humanos y la persecuci\u00f3n\u2014 se lanz\u00f3 la canci\u00f3n \u201cEstoy Aqu\u00ed\u201d, compuesta por el cantante venezolano Pablo Gonz\u00e1lez (Mulato) e interpretada por una treintena de m\u00fasicos refugiados y migrantes, en un arreglo musical del reconocido director orquestal Sim\u00f3n Arias.\r\n<br>\r\n&nbsp;\r\n<br>\r\n<div>Se trata de un proyecto financiado y organizado por la Agencia de la ONU para los Refugiados (ACNUR) y la Fundaci\u00f3n M\u00fasica para la Integraci\u00f3n, a modo de sensibilizar respecto de la compleja realidad que viven las personas refugiadas y migrantes durante sus procesos de integraci\u00f3n en un nuevo pa\u00eds, pero tambi\u00e9n destacar los grandes aportes culturales y sociales que realizan a las comunidades que las acogen.\r\n<br>\r\n&nbsp;\r\n<br>\r\n<div>\u201cLa m\u00fasica es, sin duda alguna, el idioma universal que reduce las distancias entre las personas. A trav\u00e9s del estreno de esta canci\u00f3n, quisimos hacer un llamado a la empat\u00eda y a la solidaridad, a que comencemos a ponernos en el lugar del otro\u201d, se\u00f1al\u00f3 Rebeca Cenalmor-Rejas, Jefa de la Oficina Nacional de ACNUR. \u201cHemos sido testigos de c\u00f3mo las personas refugiadas y migrantes que han llegado a Chile, enriquecen tremendamente a nuestras comunidades, por medio de sus conocimientos, profesiones, personalidades y talentos. Si se les dan las oportunidades necesarias, podr\u00e1n hacerlo a\u00fan de mejor manera\u201d, agreg\u00f3.\r\n<br>\r\n&nbsp;\r\n<br>\r\n<div>Por su parte, Ana Marvez, Presidenta de la Fundaci\u00f3n M\u00fasica para la Integraci\u00f3n agrega que \u201ccon esta obra, hemos tenido la dicha de poder reunir nuevamente (despu\u00e9s de un a\u00f1o de cuarentenas) a una parte fundamental de integrantes y grandes artistas invitados de la fundaci\u00f3n con la intenci\u00f3n de enviar un mensaje de uni\u00f3n, \u00e1nimo, apoyo, reflexi\u00f3n y empat\u00eda a todas las comunidades migrantes y refugiadas en el mundo. Contar nuestra historia es contar la historia de las m\u00faltiples realidades que los extranjeros vivimos d\u00eda a d\u00eda con el sue\u00f1o de lograr integrarnos en los pa\u00edses de acogida, celebrando momentos de logros, compartiendo momentos de a\u00f1oranzas y al mismo tiempo mostrando la dura realidad de quienes han debido salir de su pa\u00eds. Crear conciencia por un mundo m\u00e1s unido y sin distinciones\u201d\r\n<br>\r\n&nbsp;\r\n\r\n&nbsp;\r\n\r\n&nbsp;\r\n\r\n&nbsp;\r\n\r\n<style>\r\ndiv {\r\n  text-align: justify;\r\n  text-justify: inter-word;\r\n}\r\n<\/style>","protected":false},"excerpt":{"rendered":"<p>La pieza ser\u00e1 lanzada en el marco de las conmemoraciones del D\u00eda Mundial de las Personas Refugiadas (20 de junio) por la Agencia de la ONU para los Refugiados (ACNUR) y la Fundaci\u00f3n M\u00fasica para la Integraci\u00f3n. &nbsp; Tener que empezar desde cero en un nuevo pa\u00eds no es f\u00e1cil para nadie. Tampoco lo ha [&hellip;]<\/p>\n","protected":false},"author":1,"featured_media":3516,"comment_status":"closed","ping_status":"open","sticky":false,"template":"","format":"standard","meta":[],"categories":[3,97,1],"tags":[11,378,377],"aioseo_notices":[],"_links":{"self":[{"href":"http:\/\/fasic.cl\/wp\/wp-json\/wp\/v2\/posts\/3515"}],"collection":[{"href":"http:\/\/fasic.cl\/wp\/wp-json\/wp\/v2\/posts"}],"about":[{"href":"http:\/\/fasic.cl\/wp\/wp-json\/wp\/v2\/types\/post"}],"author":[{"embeddable":true,"href":"http:\/\/fasic.cl\/wp\/wp-json\/wp\/v2\/users\/1"}],"replies":[{"embeddable":true,"href":"http:\/\/fasic.cl\/wp\/wp-json\/wp\/v2\/comments?post=3515"}],"version-history":[{"count":1,"href":"http:\/\/fasic.cl\/wp\/wp-json\/wp\/v2\/posts\/3515\/revisions"}],"predecessor-version":[{"id":3517,"href":"http:\/\/fasic.cl\/wp\/wp-json\/wp\/v2\/posts\/3515\/revisions\/3517"}],"wp:featuredmedia":[{"embeddable":true,"href":"http:\/\/fasic.cl\/wp\/wp-json\/wp\/v2\/media\/3516"}],"wp:attachment":[{"href":"http:\/\/fasic.cl\/wp\/wp-json\/wp\/v2\/media?parent=3515"}],"wp:term":[{"taxonomy":"category","embeddable":true,"href":"http:\/\/fasic.cl\/wp\/wp-json\/wp\/v2\/categories?post=3515"},{"taxonomy":"post_tag","embeddable":true,"href":"http:\/\/fasic.cl\/wp\/wp-json\/wp\/v2\/tags?post=3515"}],"curies":[{"name":"wp","href":"https:\/\/api.w.org\/{rel}","templated":true}]}}