{"id":5585,"date":"2022-11-25T18:06:12","date_gmt":"2022-11-25T18:06:12","guid":{"rendered":"http:\/\/fasic.cl\/wp\/?p=5585"},"modified":"2022-11-25T18:06:32","modified_gmt":"2022-11-25T18:06:32","slug":"poblacion-migrante-en-santiago-participo-en-el-taller-de-primeros-auxilios-producido-por-fasic","status":"publish","type":"post","link":"http:\/\/fasic.cl\/wp\/2022\/11\/poblacion-migrante-en-santiago-participo-en-el-taller-de-primeros-auxilios-producido-por-fasic\/","title":{"rendered":"Poblaci\u00f3n migrante en Santiago particip\u00f3 en el taller de primeros auxilios producido por FASIC"},"content":{"rendered":"FASIC y la Iglesia Metodista de Chile con el Programa de Migraci\u00f3n Connexio \u201cConstruyendo Puentes de Integraci\u00f3n\u201d, llevaron a cabo por segunda vez el taller 'Primeros auxilios' el anterior 21 de noviembre, dirigido a migrantes y refugiados\/as de la Regi\u00f3n Metropolitana.\r\n\r\n<hr \/>\r\n\r\nEvelyn Mar\u00edn, T\u00e9cnico en Trabajo Social de FASIC Santiago, realiz\u00f3 la gesti\u00f3n de esta capacitaci\u00f3n en las dependencias de la casa central de la fundaci\u00f3n, donde fue invitada la Matrona Katherine Widemann, quien comunic\u00f3 los m\u00e9todos preventivos, estrategias y t\u00e9cnicas para auxiliar a una persona en distintos escenarios.\r\n\r\n<hr \/>\r\n\r\nLos asistentes se instruyeron con relatos y demostraciones en vivo sobre c\u00f3mo actuar ante un accidente o enfermedad s\u00fabita. La doctora Widemann, capacit\u00f3 claramente en torno al manejo de dichas situaciones y de esta manera -con las herramientas adecuadas- lograr aumentar las posibilidades de sobrevivencia del accidentado o accidentada.\r\n\r\n<hr \/>\r\n\r\nAl culminar la clase, las encargadas del taller hicieron entrega de un kit de aseo a cada una de las personas presentes.\r\n\r\n<a href=\"http:\/\/fasic.cl\/wp\/wp-content\/uploads\/2022\/11\/WhatsApp-Image-2022-11-22-at-9.12.58-AM.jpeg\"><img class=\"aligncenter size-large wp-image-5587\" src=\"http:\/\/fasic.cl\/wp\/wp-content\/uploads\/2022\/11\/WhatsApp-Image-2022-11-22-at-9.12.58-AM-1024x768.jpeg\" alt=\"\" width=\"960\" height=\"720\" \/><\/a>\r\n\r\n<hr \/>\r\n\r\n<h6>Est\u00e9fany Far\u00edas,<\/h6>\r\n<h6>Comunicaciones FASIC<\/h6>","protected":false},"excerpt":{"rendered":"<p>FASIC y la Iglesia Metodista de Chile con el Programa de Migraci\u00f3n Connexio \u201cConstruyendo Puentes de Integraci\u00f3n\u201d, llevaron a cabo por segunda vez el taller &#8216;Primeros auxilios&#8217; el anterior 21 de noviembre, dirigido a migrantes y refugiados\/as de la Regi\u00f3n Metropolitana. Evelyn Mar\u00edn, T\u00e9cnico en Trabajo Social de FASIC Santiago, realiz\u00f3 la gesti\u00f3n de esta [&hellip;]<\/p>\n","protected":false},"author":1,"featured_media":5589,"comment_status":"closed","ping_status":"open","sticky":false,"template":"","format":"standard","meta":[],"categories":[94,1],"tags":[],"aioseo_notices":[],"_links":{"self":[{"href":"http:\/\/fasic.cl\/wp\/wp-json\/wp\/v2\/posts\/5585"}],"collection":[{"href":"http:\/\/fasic.cl\/wp\/wp-json\/wp\/v2\/posts"}],"about":[{"href":"http:\/\/fasic.cl\/wp\/wp-json\/wp\/v2\/types\/post"}],"author":[{"embeddable":true,"href":"http:\/\/fasic.cl\/wp\/wp-json\/wp\/v2\/users\/1"}],"replies":[{"embeddable":true,"href":"http:\/\/fasic.cl\/wp\/wp-json\/wp\/v2\/comments?post=5585"}],"version-history":[{"count":2,"href":"http:\/\/fasic.cl\/wp\/wp-json\/wp\/v2\/posts\/5585\/revisions"}],"predecessor-version":[{"id":5591,"href":"http:\/\/fasic.cl\/wp\/wp-json\/wp\/v2\/posts\/5585\/revisions\/5591"}],"wp:featuredmedia":[{"embeddable":true,"href":"http:\/\/fasic.cl\/wp\/wp-json\/wp\/v2\/media\/5589"}],"wp:attachment":[{"href":"http:\/\/fasic.cl\/wp\/wp-json\/wp\/v2\/media?parent=5585"}],"wp:term":[{"taxonomy":"category","embeddable":true,"href":"http:\/\/fasic.cl\/wp\/wp-json\/wp\/v2\/categories?post=5585"},{"taxonomy":"post_tag","embeddable":true,"href":"http:\/\/fasic.cl\/wp\/wp-json\/wp\/v2\/tags?post=5585"}],"curies":[{"name":"wp","href":"https:\/\/api.w.org\/{rel}","templated":true}]}}