{"id":233,"date":"2015-06-02T19:36:28","date_gmt":"2015-06-02T19:36:28","guid":{"rendered":"http:\/\/fasic.cl\/wp\/?p=233"},"modified":"2015-07-07T15:35:07","modified_gmt":"2015-07-07T15:35:07","slug":"lanzamiento-del-libro-reconstruyendo-la-historia-con-sus-protagonistas-testimonios-de-los-cordones-industriales","status":"publish","type":"post","link":"https:\/\/fasic.cl\/wp\/2015\/06\/lanzamiento-del-libro-reconstruyendo-la-historia-con-sus-protagonistas-testimonios-de-los-cordones-industriales\/","title":{"rendered":"Lanzamiento del libro &#8220;Reconstruyendo la historia con sus protagonistas. Testimonios de los Cordones Industriales&#8221;"},"content":{"rendered":"<p style=\"text-align: justify;\">El 26 de mayo se realiz\u00f3 el lanzamiento del libro \"Reconstruyendo la Historia con sus Protagonistas. Testimonios de los Cordones Industriales\", de los autores Ana L\u00f3pez Dietz, Santiago Aguiar, Valeria Ya\u00f1ez y Gabriel Mu\u00f1oz. Esta actividad se enmarca en el \u00e1mbito de la conmemoraci\u00f3n de los 40 a\u00f1os de la Fundaci\u00f3n de Ayuda Social de las Iglesias Cristianas, y en su misi\u00f3n hist\u00f3rica de compromiso en la defensa de los Derechos Humanos.<\/p>\r\n<p style=\"text-align: justify;\">Presentaron el libro Mar\u00eda Graciela Acu\u00f1a Flores, Historiadora, Magister de la Universidad de Chile y Coordinadora del Archivo FASIC; Erwin Mu\u00f1oz, dirigente sindical de la empresa Komatsu e integrante de la Agrupaci\u00f3n Alternativa Obrera; y Ana L\u00f3pez Dietz, candidata a Doctora en Estudios Latinoamericanos de la Universidad de Chile, profesora de historia de la Universidad Academia de Humanismo Cristiano y asistente del Archivo FASIC.<\/p>\r\n<p style=\"text-align: justify;\">Al t\u00e9rmino de esta actividad se present\u00f3 una peque\u00f1a obra teatral, a cargo de la Srta. Valeria Ya\u00f1ez y el colectivo Tarea Urgente, \u201cCordones Industriales\u201d, muestra art\u00edstica creada a partir del trabajo conjunto del colectivo, con un grupo de historiadores.<\/p>\r\n<a href=\"http:\/\/fasic.cl\/wp\/wp-content\/uploads\/2015\/06\/12.jpg\"><img class=\"alignnone size-full wp-image-234\" src=\"http:\/\/fasic.cl\/wp\/wp-content\/uploads\/2015\/06\/12.jpg\" alt=\"12\" width=\"800\" height=\"532\" \/><\/a> <a href=\"http:\/\/fasic.cl\/wp\/wp-content\/uploads\/2015\/06\/13.jpg\"><img class=\"alignnone size-full wp-image-235\" src=\"http:\/\/fasic.cl\/wp\/wp-content\/uploads\/2015\/06\/13.jpg\" alt=\"13\" width=\"800\" height=\"532\" \/><\/a> <a href=\"http:\/\/fasic.cl\/wp\/wp-content\/uploads\/2015\/06\/10.jpg\"><img class=\"alignnone size-full wp-image-236\" src=\"http:\/\/fasic.cl\/wp\/wp-content\/uploads\/2015\/06\/10.jpg\" alt=\"10\" width=\"399\" height=\"600\" \/><\/a>\r\n\r\n&nbsp;\r\n\r\n&nbsp;\r\n\r\n&nbsp;","protected":false},"excerpt":{"rendered":"<p>El 26 de mayo se realiz\u00f3 el lanzamiento del libro &#8220;Reconstruyendo la Historia con sus Protagonistas. Testimonios de los Cordones Industriales&#8221;, de los autores Ana L\u00f3pez Dietz, Santiago Aguiar, Valeria Ya\u00f1ez y Gabriel Mu\u00f1oz. Esta actividad se enmarca en el \u00e1mbito de la conmemoraci\u00f3n de los 40 a\u00f1os de la Fundaci\u00f3n de Ayuda Social de [&hellip;]<\/p>\n","protected":false},"author":1,"featured_media":389,"comment_status":"open","ping_status":"open","sticky":false,"template":"","format":"standard","meta":[],"categories":[1],"tags":[],"aioseo_notices":[],"_links":{"self":[{"href":"https:\/\/fasic.cl\/wp\/wp-json\/wp\/v2\/posts\/233"}],"collection":[{"href":"https:\/\/fasic.cl\/wp\/wp-json\/wp\/v2\/posts"}],"about":[{"href":"https:\/\/fasic.cl\/wp\/wp-json\/wp\/v2\/types\/post"}],"author":[{"embeddable":true,"href":"https:\/\/fasic.cl\/wp\/wp-json\/wp\/v2\/users\/1"}],"replies":[{"embeddable":true,"href":"https:\/\/fasic.cl\/wp\/wp-json\/wp\/v2\/comments?post=233"}],"version-history":[{"count":8,"href":"https:\/\/fasic.cl\/wp\/wp-json\/wp\/v2\/posts\/233\/revisions"}],"predecessor-version":[{"id":392,"href":"https:\/\/fasic.cl\/wp\/wp-json\/wp\/v2\/posts\/233\/revisions\/392"}],"wp:featuredmedia":[{"embeddable":true,"href":"https:\/\/fasic.cl\/wp\/wp-json\/wp\/v2\/media\/389"}],"wp:attachment":[{"href":"https:\/\/fasic.cl\/wp\/wp-json\/wp\/v2\/media?parent=233"}],"wp:term":[{"taxonomy":"category","embeddable":true,"href":"https:\/\/fasic.cl\/wp\/wp-json\/wp\/v2\/categories?post=233"},{"taxonomy":"post_tag","embeddable":true,"href":"https:\/\/fasic.cl\/wp\/wp-json\/wp\/v2\/tags?post=233"}],"curies":[{"name":"wp","href":"https:\/\/api.w.org\/{rel}","templated":true}]}}