{"id":2699,"date":"2020-03-02T15:10:43","date_gmt":"2020-03-02T15:10:43","guid":{"rendered":"http:\/\/fasic.cl\/wp\/?p=2699"},"modified":"2020-03-02T15:10:43","modified_gmt":"2020-03-02T15:10:43","slug":"corte-de-apelaciones-detiene-expulsion-de-dos-ciudadanos-venezolanos-que-ingresaron-de-manera-irregular-a-chile","status":"publish","type":"post","link":"https:\/\/fasic.cl\/wp\/2020\/03\/corte-de-apelaciones-detiene-expulsion-de-dos-ciudadanos-venezolanos-que-ingresaron-de-manera-irregular-a-chile\/","title":{"rendered":"Corte de Apelaciones detiene expulsi\u00f3n de dos ciudadanos venezolanos que ingresaron de manera irregular a Chile"},"content":{"rendered":"<strong>Por Comunicaciones FASIC<\/strong>\r\n<br>\r\n&nbsp;\r\n<br>\r\n<div>La Corte de Apelaciones de Coyhaique acogi\u00f3 una orden de no innovar y detuvo la expulsi\u00f3n de dos ciudadanos venezolanos que entraron al pa\u00eds de manera irregular. Ambos profesionales fueron enga\u00f1ados en Per\u00fa con la falsa promesa de ingresar a Chile a trav\u00e9s de una ruta segura, previo pago de 30 d\u00f3lares cada uno.\r\n<br>\r\n&nbsp;\r\n<br>\r\n<div>En su pa\u00eds, seg\u00fan el Instituto Nacional de Derechos Humanos (INDH), se encontraban en una situaci\u00f3n de eventual amenaza a su integridad por la persecuci\u00f3n pol\u00edtica de la cual habr\u00edan sido v\u00edctimas, por manifestar su rechazo al Gobierno, por lo que entre otras consecuencias, no pod\u00edan ejercer sus profesiones de arquitecto e ingeniero en petr\u00f3leo y de param\u00e9dica y farmac\u00e9utica.\r\n<br>\r\n&nbsp;\r\n<br>\r\n<div>De acuerdo al relato entregado por ambas v\u00edctimas al INDH, polic\u00edas peruanos les permitieron el paso hacia la frontera entre Tacna y Arica, y les indicaron que deb\u00edan caminar hacia Chile a trav\u00e9s de la l\u00ednea f\u00e9rrea, sin informarles que en dicha zona existen minas antipersonales que pon\u00edan en riesgo sus vidas.\r\n<br>\r\n&nbsp;\r\n<br>\r\n<div>Ya en Chile los ciudadanos venezolanos iniciaron los tr\u00e1mites para regularizar su situaci\u00f3n migratoria y elevaron solicitudes de reconsideraci\u00f3n al Departamento de Migraci\u00f3n y Extranjer\u00eda a fin de conseguir visa, sin que hasta ahora hayan recibido respuesta.\r\n<br>\r\n&nbsp;\r\n<br>\r\n<div>En paralelo, la Intendencia de Arica y Parinacota orden\u00f3 la expulsi\u00f3n de estas dos personas, raz\u00f3n por la cual el INDH de Ays\u00e9n, zona donde residen estos migrantes, present\u00f3 un recurso de amparo en su favor.<\/div>\r\n<br>\r\n&nbsp;\r\n\r\n&nbsp;\r\n\r\n&nbsp;\r\n\r\n&nbsp;\r\n\r\n<style>\r\ndiv {\r\n  text-align: justify;\r\n  text-justify: inter-word;\r\n}\r\n<\/style>","protected":false},"excerpt":{"rendered":"<p>Por Comunicaciones FASIC &nbsp; La Corte de Apelaciones de Coyhaique acogi\u00f3 una orden de no innovar y detuvo la expulsi\u00f3n de dos ciudadanos venezolanos que entraron al pa\u00eds de manera irregular. Ambos profesionales fueron enga\u00f1ados en Per\u00fa con la falsa promesa de ingresar a Chile a trav\u00e9s de una ruta segura, previo pago de 30 [&hellip;]<\/p>\n","protected":false},"author":1,"featured_media":2703,"comment_status":"closed","ping_status":"open","sticky":false,"template":"","format":"standard","meta":[],"categories":[3,1],"tags":[28,10,33,13],"aioseo_notices":[],"_links":{"self":[{"href":"https:\/\/fasic.cl\/wp\/wp-json\/wp\/v2\/posts\/2699"}],"collection":[{"href":"https:\/\/fasic.cl\/wp\/wp-json\/wp\/v2\/posts"}],"about":[{"href":"https:\/\/fasic.cl\/wp\/wp-json\/wp\/v2\/types\/post"}],"author":[{"embeddable":true,"href":"https:\/\/fasic.cl\/wp\/wp-json\/wp\/v2\/users\/1"}],"replies":[{"embeddable":true,"href":"https:\/\/fasic.cl\/wp\/wp-json\/wp\/v2\/comments?post=2699"}],"version-history":[{"count":2,"href":"https:\/\/fasic.cl\/wp\/wp-json\/wp\/v2\/posts\/2699\/revisions"}],"predecessor-version":[{"id":2704,"href":"https:\/\/fasic.cl\/wp\/wp-json\/wp\/v2\/posts\/2699\/revisions\/2704"}],"wp:featuredmedia":[{"embeddable":true,"href":"https:\/\/fasic.cl\/wp\/wp-json\/wp\/v2\/media\/2703"}],"wp:attachment":[{"href":"https:\/\/fasic.cl\/wp\/wp-json\/wp\/v2\/media?parent=2699"}],"wp:term":[{"taxonomy":"category","embeddable":true,"href":"https:\/\/fasic.cl\/wp\/wp-json\/wp\/v2\/categories?post=2699"},{"taxonomy":"post_tag","embeddable":true,"href":"https:\/\/fasic.cl\/wp\/wp-json\/wp\/v2\/tags?post=2699"}],"curies":[{"name":"wp","href":"https:\/\/api.w.org\/{rel}","templated":true}]}}