{"id":2947,"date":"2020-07-21T20:27:00","date_gmt":"2020-07-21T20:27:00","guid":{"rendered":"http:\/\/fasic.cl\/wp\/?p=2947"},"modified":"2020-07-21T20:29:45","modified_gmt":"2020-07-21T20:29:45","slug":"indh-otorga-el-premio-nacional-de-derechos-humanos-2020-al-abogado-roberto-garreton-merino","status":"publish","type":"post","link":"https:\/\/fasic.cl\/wp\/2020\/07\/indh-otorga-el-premio-nacional-de-derechos-humanos-2020-al-abogado-roberto-garreton-merino\/","title":{"rendered":"INDH otorga el Premio Nacional de Derechos Humanos 2020 al abogado Roberto Garret\u00f3n Merino"},"content":{"rendered":"Por Comunicaciones FASIC\r\n<br>\r\n&nbsp;\r\n<br>\r\n<div>Luego de que el Instituto Nacional de Derechos Humanos\u00a0anunciara que \u201cotorga el Premio Nacional de Derechos Humanos 2020 al reconocido abogado Roberto Garret\u00f3n Merino por su incansable b\u00fasqueda de la verdad y la justicia durante su trayectoria profesional nacional e internacional\u201d, han proliferado las muestras de j\u00fabilo al reconocimiento, desde instituciones, organizaciones y personas vinculadas a la defensa y promoci\u00f3n de los derechos humanos.\r\n<br>\r\n&nbsp;\r\n<br>\r\n<div>Tras ser informado del premio, Garret\u00f3n<a href=\"http:\/\/www.robertogarreton.cl\/wp\/2020\/07\/20\/palabras-de-agradecimiento\/\"> public\u00f3 una carta en que agradece<\/a> a quienes siempre trabajaron a su lado \u201cen la defensa de los DDHH en las \u00e9pocas m\u00e1s dif\u00edciles\u201d.\r\n<br>\r\n&nbsp;\r\n<br>\r\n<div>\u201cSoy parte de una generaci\u00f3n, y de varias generaciones a esta edad, que se comprometi\u00f3 a darle a este pa\u00eds una m\u00ednima esperanza de justicia, de mejor vida, de defensa de la vida y si hoy d\u00eda se reconoce en m\u00ed ese trabajo, es porque hubo tanta gente que trabaj\u00f3, que luch\u00f3, por estos mismos ideales\u201d, expuso.\r\n<br>\r\n&nbsp;\r\n<br>\r\n<div>Respecto al premio se\u00f1al\u00f3 que \u201csi yo lo recibo hoy d\u00eda, es porque al consagrar mi vida a la defensa de los derechos humanos encontr\u00e9 en quienes luchaban en la Vicaria de la Solidaridad y en muchas otras instituciones y en la v\u00edctimas que me solicitaban mi cooperaci\u00f3n, encontr\u00e9 el valor, la resiliencia, la capacidad de levantarse y luchar contra la injusticia\u201d.\r\n<br>\r\n&nbsp;\r\n<br>\r\n<div><strong>Breve rese\u00f1a de su vida profesional<\/strong>\r\n<br>\r\n&nbsp;\r\n<br>\r\n<div>Abogado titulado de la Universidad de Chile en 1967, plasm\u00f3 su compromiso con la que ser\u00eda su vocaci\u00f3n de toda la vida luego del Golpe Militar de 1973, cuando se incorpor\u00f3 al equipo de abogados del Comit\u00e9 Pro Paz, bajo la jefatura de Jos\u00e9 Zalaquett, equipo jur\u00eddico que tuvo como tarea la defensa de los perseguidos en Consejos de Guerra, como la interposici\u00f3n de Recursos de Amparo.\r\n<br>\r\n&nbsp;\r\n<br>\r\n<div>Desde el a\u00f1o 1976 fue parte del equipo de abogados de la Vicar\u00eda de la Solidaridad y a partir de 1981 jefe del \u00c1rea Judicial. En los primeros a\u00f1os de la Vicar\u00eda los abogados siguieron interponiendo recursos de amparo por los detenidos desparecidos, prisioneros pol\u00edticos que eran detenidos por la DINA, para luego, en tiempos de la CNI, presentar querellas por torturas, pero sin obtener respuesta de parte del Poder Judicial.\r\n<br>\r\n&nbsp;\r\n<br>\r\n<div>En septiembre de 1987 fue detenido y procesado por \u201csupuestas ofensas a las Fuerzas Armadas\u201d por orden de la Primera Fiscal\u00eda Militar de Santiago. La acusaci\u00f3n eman\u00f3 de un art\u00edculo publicado por el abogado en la Revista Mensaje sobre la situaci\u00f3n de los derechos humanos en Chile durante 1986.\r\n<br>\r\n&nbsp;\r\n<br>\r\n<div>En materia internacional, Garret\u00f3n fue vicepresidente (1993) de la Conferencia Mundial de Derechos Humanos en Viena, representante para Am\u00e9rica Latina y El Caribe de la Oficina del Alto Comisionado de Naciones Unidas para los Derechos Humanos, parte del Comit\u00e9 Asesor sobre la Prevenci\u00f3n del Genocidio mientras Kofi Annan fue secretario general de Naciones Unidas, adem\u00e1s de estar vinculado a la defensa de los Derechos Humanos en m\u00e1s de 60 pa\u00edses.\r\n<br>\r\n&nbsp;\r\n<br>\r\n<div>En junio de 2019 recibi\u00f3 la Medalla Rectoral de la Universidad de Chile, por su destacada trayectoria como abogado en materia de Derechos Humanos.\r\n<br>\r\n&nbsp;\r\n<br>\r\n<div>La ceremonia, presidida por el Rector Ennio Vivaldi, cont\u00f3 con la alocuci\u00f3n del acad\u00e9mico de la Facultad de Derecho y coordinador de la C\u00e1tedra de Derechos Humanos, Claudio Nash, quien destac\u00f3 que Garret\u00f3n \u201cha hecho de la defensa de los Derechos Humanos su raz\u00f3n de vida\u201d, repasando su participaci\u00f3n -desde el comienzo- en el Comit\u00e9 para la Paz en Chile, su trabajo como jefe del \u00c1rea Jur\u00eddica de la Vicar\u00eda de la Solidaridad, su posterior desempe\u00f1o en la Canciller\u00eda como embajador de los Derechos Humanos -donde tuvo la tarea de encabezar el reci\u00e9n creado Departamento de Derechos Humanos, a trav\u00e9s del cual Chile suscribi\u00f3 a los Pactos Internacionales que no hab\u00edan sido aceptados por la dictadura-, y su rol en la creaci\u00f3n del Instituto Nacional de Derechos Humanos.\r\n<br>\r\n&nbsp;\r\n<br>\r\n<div>En la ocasi\u00f3n, el rector Ennio Vivaldi realiz\u00f3 la investidura con la Medalla Rectoral al homenajeado, y le dedic\u00f3 unas palabras. \u201cHay personas que van m\u00e1s all\u00e1 de lo que uno normalmente ir\u00eda. El ejemplo que nos brinda Roberto Garret\u00f3n es fant\u00e1stico, es una persona que tiene un significado colectivo enorme para cada uno de nosotros\u201d, expres\u00f3.<\/div>\r\n<br>\r\n&nbsp;\r\n\r\n&nbsp;\r\n\r\n&nbsp;\r\n\r\n&nbsp;\r\n\r\n<style>\r\ndiv {\r\n  text-align: justify;\r\n  text-justify: inter-word;\r\n}\r\n<\/style>\r\n\r\n","protected":false},"excerpt":{"rendered":"<p>Por Comunicaciones FASIC &nbsp; Luego de que el Instituto Nacional de Derechos Humanos\u00a0anunciara que \u201cotorga el Premio Nacional de Derechos Humanos 2020 al reconocido abogado Roberto Garret\u00f3n Merino por su incansable b\u00fasqueda de la verdad y la justicia durante su trayectoria profesional nacional e internacional\u201d, han proliferado las muestras de j\u00fabilo al reconocimiento, desde instituciones, [&hellip;]<\/p>\n","protected":false},"author":1,"featured_media":2948,"comment_status":"closed","ping_status":"open","sticky":false,"template":"","format":"standard","meta":[],"categories":[1],"tags":[28,18,201,200],"aioseo_notices":[],"_links":{"self":[{"href":"https:\/\/fasic.cl\/wp\/wp-json\/wp\/v2\/posts\/2947"}],"collection":[{"href":"https:\/\/fasic.cl\/wp\/wp-json\/wp\/v2\/posts"}],"about":[{"href":"https:\/\/fasic.cl\/wp\/wp-json\/wp\/v2\/types\/post"}],"author":[{"embeddable":true,"href":"https:\/\/fasic.cl\/wp\/wp-json\/wp\/v2\/users\/1"}],"replies":[{"embeddable":true,"href":"https:\/\/fasic.cl\/wp\/wp-json\/wp\/v2\/comments?post=2947"}],"version-history":[{"count":3,"href":"https:\/\/fasic.cl\/wp\/wp-json\/wp\/v2\/posts\/2947\/revisions"}],"predecessor-version":[{"id":2951,"href":"https:\/\/fasic.cl\/wp\/wp-json\/wp\/v2\/posts\/2947\/revisions\/2951"}],"wp:featuredmedia":[{"embeddable":true,"href":"https:\/\/fasic.cl\/wp\/wp-json\/wp\/v2\/media\/2948"}],"wp:attachment":[{"href":"https:\/\/fasic.cl\/wp\/wp-json\/wp\/v2\/media?parent=2947"}],"wp:term":[{"taxonomy":"category","embeddable":true,"href":"https:\/\/fasic.cl\/wp\/wp-json\/wp\/v2\/categories?post=2947"},{"taxonomy":"post_tag","embeddable":true,"href":"https:\/\/fasic.cl\/wp\/wp-json\/wp\/v2\/tags?post=2947"}],"curies":[{"name":"wp","href":"https:\/\/api.w.org\/{rel}","templated":true}]}}