{"id":3196,"date":"2020-10-13T22:54:12","date_gmt":"2020-10-13T22:54:12","guid":{"rendered":"http:\/\/fasic.cl\/wp\/?p=3196"},"modified":"2020-10-13T22:54:58","modified_gmt":"2020-10-13T22:54:58","slug":"fasic-realizo-exitoso-taller-sobre-ley-de-identidad-de-genero-aplicada-a-personas-refugiadas-y-migrantes","status":"publish","type":"post","link":"https:\/\/fasic.cl\/wp\/2020\/10\/fasic-realizo-exitoso-taller-sobre-ley-de-identidad-de-genero-aplicada-a-personas-refugiadas-y-migrantes\/","title":{"rendered":"FASIC realiz\u00f3 exitoso taller sobre Ley de Identidad de G\u00e9nero aplicada a personas refugiadas y migrantes"},"content":{"rendered":"Agradecemos a todos quienes participaron de la charla \"Ley de Identidad de G\u00e9nero aplicada a personas Refugiadas y Migrantes\" dictada por la abogada de FASIC en Iquique y de la Asociaci\u00f3n de Abogadas Feministas (Abofem), Kim \u00c1lvarez.\r\n<br>\r\n&nbsp;\r\n<br>\r\n<div>\u00a1Pronto abriremos una nueva convocatoria!\r\n<br>\r\n&nbsp;\r\n\r\n&nbsp;\r\n\r\n&nbsp;\r\n\r\n&nbsp;\r\n\r\n<style>\r\ndiv {\r\n  text-align: justify;\r\n  text-justify: inter-word;\r\n}\r\n<\/style>\r\n","protected":false},"excerpt":{"rendered":"<p>Agradecemos a todos quienes participaron de la charla &#8220;Ley de Identidad de G\u00e9nero aplicada a personas Refugiadas y Migrantes&#8221; dictada por la abogada de FASIC en Iquique y de la Asociaci\u00f3n de Abogadas Feministas (Abofem), Kim \u00c1lvarez. &nbsp; \u00a1Pronto abriremos una nueva convocatoria! &nbsp; &nbsp; &nbsp; &nbsp;<\/p>\n","protected":false},"author":1,"featured_media":3197,"comment_status":"closed","ping_status":"open","sticky":false,"template":"","format":"standard","meta":[],"categories":[94,96,3,97],"tags":[124,10,288,33,13],"aioseo_notices":[],"_links":{"self":[{"href":"https:\/\/fasic.cl\/wp\/wp-json\/wp\/v2\/posts\/3196"}],"collection":[{"href":"https:\/\/fasic.cl\/wp\/wp-json\/wp\/v2\/posts"}],"about":[{"href":"https:\/\/fasic.cl\/wp\/wp-json\/wp\/v2\/types\/post"}],"author":[{"embeddable":true,"href":"https:\/\/fasic.cl\/wp\/wp-json\/wp\/v2\/users\/1"}],"replies":[{"embeddable":true,"href":"https:\/\/fasic.cl\/wp\/wp-json\/wp\/v2\/comments?post=3196"}],"version-history":[{"count":1,"href":"https:\/\/fasic.cl\/wp\/wp-json\/wp\/v2\/posts\/3196\/revisions"}],"predecessor-version":[{"id":3198,"href":"https:\/\/fasic.cl\/wp\/wp-json\/wp\/v2\/posts\/3196\/revisions\/3198"}],"wp:featuredmedia":[{"embeddable":true,"href":"https:\/\/fasic.cl\/wp\/wp-json\/wp\/v2\/media\/3197"}],"wp:attachment":[{"href":"https:\/\/fasic.cl\/wp\/wp-json\/wp\/v2\/media?parent=3196"}],"wp:term":[{"taxonomy":"category","embeddable":true,"href":"https:\/\/fasic.cl\/wp\/wp-json\/wp\/v2\/categories?post=3196"},{"taxonomy":"post_tag","embeddable":true,"href":"https:\/\/fasic.cl\/wp\/wp-json\/wp\/v2\/tags?post=3196"}],"curies":[{"name":"wp","href":"https:\/\/api.w.org\/{rel}","templated":true}]}}