{"id":3206,"date":"2020-10-14T03:17:50","date_gmt":"2020-10-14T03:17:50","guid":{"rendered":"http:\/\/fasic.cl\/wp\/?p=3206"},"modified":"2020-10-14T03:17:50","modified_gmt":"2020-10-14T03:17:50","slug":"te-invitamos-a-nuestro-conversatorio-fasic-n13-mujeres-y-nueva-constitucion","status":"publish","type":"post","link":"https:\/\/fasic.cl\/wp\/2020\/10\/te-invitamos-a-nuestro-conversatorio-fasic-n13-mujeres-y-nueva-constitucion\/","title":{"rendered":"Te invitamos a nuestro conversatorio FASIC N\u00b013: \u201cMujeres y Nueva Constituci\u00f3n\u201d"},"content":{"rendered":"Les invitamos HOY a las 18:30 hrs a un nuevo espacio de conversaci\u00f3n, en esta ocasi\u00f3n con Gloria Maira, Coordinadora de la Mesa de Acci\u00f3n por el Aborto en Chile y ex subsecretaria del Servicio Nacional de la Mujer y con Ana Lamas, Secretaria General de la Confederaci\u00f3n de Trabajadores del Cobre (CTC), con quienes reflexionaremos sobre el rol de las mujeres y sus diversas demandas en una Nueva Constituci\u00f3n.\r\n<br>\r\n&nbsp;\r\n<br>\r\n<div>Conectate a trav\u00e9s de Facebook Live :\r\n<br>\r\n&nbsp;\r\n<br>\r\n<div><a href=\"https:\/\/www.facebook.com\/FASIC.DDHH\/\">https:\/\/www.facebook.com\/FASIC.DDHH\/<\/a>\r\n<br>\r\n&nbsp;\r\n<br>\r\n<div><a href=\"https:\/\/www.facebook.com\/cedoc.fasic\">https:\/\/www.facebook.com\/cedoc.fasic<\/a>\r\n<br>\r\n&nbsp;\r\n<br>\r\n<div> Y de nuestra cuenta de YouTube:\r\n<br>\r\n&nbsp;\r\n<br>\r\n<div><a href=\"https:\/\/www.youtube.com\/channel\/UC-s-xmhJTkorlleq69XJ6Qw\/\">https:\/\/www.youtube.com\/channel\/UC-s-xmhJTkorlleq69XJ6Qw\/<\/a>\r\n<br>\r\n&nbsp;\r\n\r\n&nbsp;\r\n\r\n&nbsp;\r\n\r\n&nbsp;\r\n\r\n<style>\r\ndiv {\r\n  text-align: justify;\r\n  text-justify: inter-word;\r\n}\r\n<\/style>","protected":false},"excerpt":{"rendered":"<p>Les invitamos HOY a las 18:30 hrs a un nuevo espacio de conversaci\u00f3n, en esta ocasi\u00f3n con Gloria Maira, Coordinadora de la Mesa de Acci\u00f3n por el Aborto en Chile y ex subsecretaria del Servicio Nacional de la Mujer y con Ana Lamas, Secretaria General de la Confederaci\u00f3n de Trabajadores del Cobre (CTC), con quienes [&hellip;]<\/p>\n","protected":false},"author":1,"featured_media":3207,"comment_status":"closed","ping_status":"open","sticky":false,"template":"","format":"standard","meta":[],"categories":[94,1],"tags":[292,10,199,293,294,270],"aioseo_notices":[],"_links":{"self":[{"href":"https:\/\/fasic.cl\/wp\/wp-json\/wp\/v2\/posts\/3206"}],"collection":[{"href":"https:\/\/fasic.cl\/wp\/wp-json\/wp\/v2\/posts"}],"about":[{"href":"https:\/\/fasic.cl\/wp\/wp-json\/wp\/v2\/types\/post"}],"author":[{"embeddable":true,"href":"https:\/\/fasic.cl\/wp\/wp-json\/wp\/v2\/users\/1"}],"replies":[{"embeddable":true,"href":"https:\/\/fasic.cl\/wp\/wp-json\/wp\/v2\/comments?post=3206"}],"version-history":[{"count":1,"href":"https:\/\/fasic.cl\/wp\/wp-json\/wp\/v2\/posts\/3206\/revisions"}],"predecessor-version":[{"id":3208,"href":"https:\/\/fasic.cl\/wp\/wp-json\/wp\/v2\/posts\/3206\/revisions\/3208"}],"wp:featuredmedia":[{"embeddable":true,"href":"https:\/\/fasic.cl\/wp\/wp-json\/wp\/v2\/media\/3207"}],"wp:attachment":[{"href":"https:\/\/fasic.cl\/wp\/wp-json\/wp\/v2\/media?parent=3206"}],"wp:term":[{"taxonomy":"category","embeddable":true,"href":"https:\/\/fasic.cl\/wp\/wp-json\/wp\/v2\/categories?post=3206"},{"taxonomy":"post_tag","embeddable":true,"href":"https:\/\/fasic.cl\/wp\/wp-json\/wp\/v2\/tags?post=3206"}],"curies":[{"name":"wp","href":"https:\/\/api.w.org\/{rel}","templated":true}]}}