{"id":5987,"date":"2023-04-10T15:51:38","date_gmt":"2023-04-10T15:51:38","guid":{"rendered":"http:\/\/fasic.cl\/wp\/?p=5987"},"modified":"2023-04-10T15:52:00","modified_gmt":"2023-04-10T15:52:00","slug":"fasic-concreta-alianzas-con-el-equipo-de-la-direccion-de-educacion-municipal-de-santiago","status":"publish","type":"post","link":"https:\/\/fasic.cl\/wp\/2023\/04\/fasic-concreta-alianzas-con-el-equipo-de-la-direccion-de-educacion-municipal-de-santiago\/","title":{"rendered":"FASIC concreta alianzas con el equipo de la Direcci\u00f3n de Educaci\u00f3n Municipal de Santiago"},"content":{"rendered":"<p style=\"text-align: justify;\"><span style=\"font-family: helvetica, arial, sans-serif;\">El 29 de marzo, funcionarios de la sede de FASIC Santiago llevaron a cabo una reuni\u00f3n junto al equipo multidisciplinario de la Direcci\u00f3n de Educaci\u00f3n Municipal de Santiago, del Programa Habilidades Para la Vida (HPV), con el objetivo de establecer una colaboraci\u00f3n en el \u00e1mbito psicosocial para 22 escuelas p\u00fablicas de la comuna de Santiago.<\/span><\/p>\r\n<p style=\"text-align: justify;\"><span style=\"font-family: helvetica, arial, sans-serif;\">Esta nueva alianza tambi\u00e9n busca contar con indicadores que permitan conocer desde los establecimientos educativos -con una mirada intercultural- el progreso en el bienestar de los ni\u00f1os, ni\u00f1as y adolescentes, y la activa participaci\u00f3n de los padres y apoderados.<\/span><\/p>\r\n<p style=\"text-align: justify;\"><span style=\"font-family: helvetica, arial, sans-serif;\">Desde FASIC, Cristian N\u00fa\u00f1ez, Coordinador del Programa Refugio y Migraci\u00f3n y Jocelyn Valenzuela, Psic\u00f3loga, fueron los encargados de recibir a Mat\u00edas Escobar, Coordinador de la Direcci\u00f3n de Educaci\u00f3n Municipal con su equipo.<\/span><\/p>\r\n<p style=\"text-align: justify;\"><span style=\"font-family: helvetica, arial, sans-serif;\">Esta reuni\u00f3n representa un gran paso hacia la creaci\u00f3n de una red de apoyo que beneficie a la comunidad educativa en su conjunto, con el fin de crear espacios libres de xenofobia.<\/span><\/p>\r\n&nbsp;\r\n<h6><span style=\"font-family: helvetica, arial, sans-serif;\">Est\u00e9fany Far\u00edas,<\/span><\/h6>\r\n<h6><span style=\"font-family: helvetica, arial, sans-serif;\">Comunicaciones FASIC<\/span><\/h6>","protected":false},"excerpt":{"rendered":"<p>El 29 de marzo, funcionarios de la sede de FASIC Santiago llevaron a cabo una reuni\u00f3n junto al equipo multidisciplinario de la Direcci\u00f3n de Educaci\u00f3n Municipal de Santiago, del Programa Habilidades Para la Vida (HPV), con el objetivo de establecer una colaboraci\u00f3n en el \u00e1mbito psicosocial para 22 escuelas p\u00fablicas de la comuna de Santiago. [&hellip;]<\/p>\n","protected":false},"author":1,"featured_media":5989,"comment_status":"closed","ping_status":"open","sticky":false,"template":"","format":"standard","meta":[],"categories":[430,3,1],"tags":[],"aioseo_notices":[],"_links":{"self":[{"href":"https:\/\/fasic.cl\/wp\/wp-json\/wp\/v2\/posts\/5987"}],"collection":[{"href":"https:\/\/fasic.cl\/wp\/wp-json\/wp\/v2\/posts"}],"about":[{"href":"https:\/\/fasic.cl\/wp\/wp-json\/wp\/v2\/types\/post"}],"author":[{"embeddable":true,"href":"https:\/\/fasic.cl\/wp\/wp-json\/wp\/v2\/users\/1"}],"replies":[{"embeddable":true,"href":"https:\/\/fasic.cl\/wp\/wp-json\/wp\/v2\/comments?post=5987"}],"version-history":[{"count":2,"href":"https:\/\/fasic.cl\/wp\/wp-json\/wp\/v2\/posts\/5987\/revisions"}],"predecessor-version":[{"id":5990,"href":"https:\/\/fasic.cl\/wp\/wp-json\/wp\/v2\/posts\/5987\/revisions\/5990"}],"wp:featuredmedia":[{"embeddable":true,"href":"https:\/\/fasic.cl\/wp\/wp-json\/wp\/v2\/media\/5989"}],"wp:attachment":[{"href":"https:\/\/fasic.cl\/wp\/wp-json\/wp\/v2\/media?parent=5987"}],"wp:term":[{"taxonomy":"category","embeddable":true,"href":"https:\/\/fasic.cl\/wp\/wp-json\/wp\/v2\/categories?post=5987"},{"taxonomy":"post_tag","embeddable":true,"href":"https:\/\/fasic.cl\/wp\/wp-json\/wp\/v2\/tags?post=5987"}],"curies":[{"name":"wp","href":"https:\/\/api.w.org\/{rel}","templated":true}]}}